{"id":8478,"date":"2023-12-31T15:43:45","date_gmt":"2023-12-31T18:43:45","guid":{"rendered":"https:\/\/menesianosoy.org\/?p=8478"},"modified":"2023-12-31T15:59:05","modified_gmt":"2023-12-31T18:59:05","slug":"santisimo-nombre-de-jesus-2","status":"publish","type":"post","link":"https:\/\/menesianosoy.org\/index.php\/2023\/12\/31\/santisimo-nombre-de-jesus-2\/","title":{"rendered":"Sant\u00edsimo Nombre de Jes\u00fas"},"content":{"rendered":"\n<p class=\"has-text-align-left\"><strong><em>1953 &#8211; Llegada de los Hermanos al Seminario Nuestra Se\u00f1ora del Rosario de Bialet-Mass\u00e9 (Argentina).<\/em><\/strong> <strong><em>Fueron los Hermanos Ferm\u00edn Garc\u00eda, Gaudencio Arnaiz y Carlos Caprotti.<\/em><\/strong><\/p>\n\n\n\n<h4 class=\"wp-block-heading has-text-align-left has-vivid-cyan-blue-color has-text-color has-link-color wp-elements-b639f3f75c48ff3a64693f74e11e936e\"><br><strong><em>Oraci\u00f3n<\/em><\/strong><\/h4>\n\n\n\n<p class=\"has-text-align-left\"><strong><em>Se\u00f1or,<br>que puedas encontrar en nosotros<br>todas las perfecciones de tu Hijo,<br>que seamos,<br>en la medida que lo permita<br>la debilidad humana,<br>revestidos de Jesucristo,<br>que sigamos a Cristo<br>en todos sus caminos,<br>que juzguemos todas las cosas<br>como \u00e9l las juzga,<br>que amemos lo que \u00e9l ama,<br>que despreciemos lo que \u00e9l desprecia.<br>En una palabra,<br>que todos nuestros pensamientos<br>sean conformes a sus pensamientos<br>y que seamos su imagen viva. Am\u00e9n<br>(Juan Mar\u00eda)<\/em><\/strong><\/p>\n\n\n\n<h4 class=\"wp-block-heading has-text-align-left has-vivid-cyan-blue-color has-text-color has-link-color wp-elements-564a444a1f0ca783c9e89e5254ecd0b3\"><br><strong><em>Intenciones<\/em><\/strong><\/h4>\n\n\n\n<ul class=\"wp-block-list\">\n<li>Por el cumplea\u00f1os de nuestro Hermano Juan Ronaldo Maydana, de la comunidad del Dionisio D\u00edaz.<\/li>\n\n\n\n<li>Por el retiro de Hermanos y Laicos en Bialet Mass\u00e9.<\/li>\n\n\n\n<li>Para que Jes\u00fas sea el centro de nuestras comunidades educativas.<\/li>\n\n\n\n<li>Por la comunidad de Portugalete (Espa\u00f1a) y la de Ogaro (Togo)<\/li>\n\n\n\n<li>Por el Cap\u00edtulo General.<\/li>\n\n\n\n<li>Por la paz en el mundo.<\/li>\n<\/ul>\n\n\n\n<h4 class=\"wp-block-heading has-text-align-left has-vivid-cyan-blue-color has-text-color has-link-color wp-elements-b950df247790814505621586575df3c1\"><br><strong><em>Directorio 2<\/em><\/strong><\/h4>\n\n\n\n<p class=\"has-text-align-left has-black-color has-text-color has-link-color wp-elements-572693e2549e15210576474abcbe3396\">El Hermano, educador de la juventud especialmente en la escuela, trabaja con los seglares en la edificaci\u00f3n de la ciudad temporal. Sin embargo, se distingue de ellos por una consagraci\u00f3n particular que informa y cualifica todas sus actividades y las orienta, con un nuevo t\u00edtulo, a la instauraci\u00f3n del Reino.<\/p>\n\n\n\n<h4 class=\"wp-block-heading has-text-align-left has-vivid-cyan-blue-color has-text-color has-link-color wp-elements-51ac7efe4615f46daa85531bebd36705\"><br><strong><em>A los j\u00f3venes de los grupos  juveniles<\/em><\/strong><\/h4>\n\n\n\n<p class=\"has-text-align-left\">Los a\u00f1os nos van precipitando uno tras otro en la sima de la eternidad. \u00bfEstamos seguros de acabar en la tierra el a\u00f1o que empieza?<\/p>\n\n\n\n<h4 class=\"wp-block-heading has-text-align-left has-vivid-cyan-blue-color has-text-color has-link-color wp-elements-388e9b22edf388f9d915f1259eebbf73\"><br><strong><em>Difuntos<\/em><\/strong><\/h4>\n\n\n\n<p class=\"has-text-align-left\">2007: Fausto Esteban. Naci\u00f3 en Fresneda de la Sierra (Burgos) en 1951. Muri\u00f3 en Madrid.<br><br>1965: Andrew Byaruhanga<br>1975: Joachim Ezanno (Joachim-Pierre)<br>1976: George Turner (Augustin)<br>1983: Henri Blais (Florentin-Marie)<br>2003: Albert Simard (Louis-Eug\u00e8ne)<br>2009: Bernard Bastien.(\u00c9mile-Alphonse)<br>2021: Narzul Lousis (Th\u00e9ophane-Louis)<\/p>\n","protected":false},"excerpt":{"rendered":"<p>1953 &#8211; Llegada de los Hermanos al Seminario Nuestra Se\u00f1ora del Rosario de Bialet-Mass\u00e9 (Argentina). Fueron los Hermanos Ferm\u00edn Garc\u00eda, Gaudencio Arnaiz y Carlos Caprotti. Oraci\u00f3n Se\u00f1or,que puedas encontrar en nosotrostodas las perfecciones de tu Hijo,que seamos,en la medida que lo permitala debilidad humana,revestidos de Jesucristo,que sigamos a Cristoen todos sus caminos,que juzguemos todas las &hellip; <a href=\"https:\/\/menesianosoy.org\/index.php\/2023\/12\/31\/santisimo-nombre-de-jesus-2\/\" class=\"more-link\">Continue reading<span class=\"screen-reader-text\"> \u00abSant\u00edsimo Nombre de Jes\u00fas\u00bb<\/span><\/a><\/p>\n","protected":false},"author":3,"featured_media":0,"comment_status":"closed","ping_status":"closed","sticky":false,"template":"","format":"standard","meta":{"_acf_changed":false,"footnotes":""},"categories":[3],"tags":[],"class_list":["post-8478","post","type-post","status-publish","format-standard","hentry","category-calendario"],"acf":[],"_links":{"self":[{"href":"https:\/\/menesianosoy.org\/index.php\/wp-json\/wp\/v2\/posts\/8478","targetHints":{"allow":["GET"]}}],"collection":[{"href":"https:\/\/menesianosoy.org\/index.php\/wp-json\/wp\/v2\/posts"}],"about":[{"href":"https:\/\/menesianosoy.org\/index.php\/wp-json\/wp\/v2\/types\/post"}],"author":[{"embeddable":true,"href":"https:\/\/menesianosoy.org\/index.php\/wp-json\/wp\/v2\/users\/3"}],"replies":[{"embeddable":true,"href":"https:\/\/menesianosoy.org\/index.php\/wp-json\/wp\/v2\/comments?post=8478"}],"version-history":[{"count":23,"href":"https:\/\/menesianosoy.org\/index.php\/wp-json\/wp\/v2\/posts\/8478\/revisions"}],"predecessor-version":[{"id":8507,"href":"https:\/\/menesianosoy.org\/index.php\/wp-json\/wp\/v2\/posts\/8478\/revisions\/8507"}],"wp:attachment":[{"href":"https:\/\/menesianosoy.org\/index.php\/wp-json\/wp\/v2\/media?parent=8478"}],"wp:term":[{"taxonomy":"category","embeddable":true,"href":"https:\/\/menesianosoy.org\/index.php\/wp-json\/wp\/v2\/categories?post=8478"},{"taxonomy":"post_tag","embeddable":true,"href":"https:\/\/menesianosoy.org\/index.php\/wp-json\/wp\/v2\/tags?post=8478"}],"curies":[{"name":"wp","href":"https:\/\/api.w.org\/{rel}","templated":true}]}}