{"id":8669,"date":"2024-01-04T15:16:59","date_gmt":"2024-01-04T18:16:59","guid":{"rendered":"https:\/\/menesianosoy.org\/?p=8669"},"modified":"2024-01-06T14:37:29","modified_gmt":"2024-01-06T17:37:29","slug":"bautismo-de-jesus","status":"publish","type":"post","link":"https:\/\/menesianosoy.org\/index.php\/2024\/01\/04\/bautismo-de-jesus\/","title":{"rendered":"Bautismo de Jes\u00fas"},"content":{"rendered":"\n<p class=\"has-text-align-left\"><strong><em>Isa\u00edas 55, 1-11<\/em><\/strong><br><strong><em>Isa\u00edas 12, 2-3.4b-6 (Salmo)<\/em><\/strong><br><strong><em>1\u00aa Juan 5, 1-9<\/em><\/strong><\/p>\n\n\n\n<h3 class=\"wp-block-heading has-text-align-left has-vivid-cyan-blue-color has-text-color has-link-color wp-elements-8137f4d88cd504ce1af63b585d6d9728\"><br><strong>Evangelio: Marcos 1, 7-11<\/strong><\/h3>\n\n\n\n<p class=\"has-text-align-left\"><strong><em>Juan Bautista predicaba diciendo:<br>Detr\u00e1s de mi vendr\u00e1 el que es m\u00e1s poderoso que yo, y yo ni siquiera soy digno de ponerme a sus pies para desatar la correa de sus sandalias.<\/em><\/strong><br><strong><em>Yo los he bautizado a ustedes con agua, pero \u00e9l los bautizar\u00e1 con el Esp\u00edritu Santo.<\/em><\/strong><br><strong><em>En aquellos d\u00edas, Jes\u00fas lleg\u00f3 desde Nazaret de Galilea y fue bautizado por Juan en el Jord\u00e1n.<\/em><\/strong><br><strong><em>Y al salir del agua, vio que los cielos se abr\u00edan y que el Esp\u00edritu Santo descend\u00eda sobre \u00e9l como una paloma; y una voz desde el cielo dijo:<br>T\u00fa eres mi Hijo muy querido, en ti tengo puesta toda mi predilecci\u00f3n.<\/em><\/strong><\/p>\n\n\n\n<figure class=\"wp-block-image size-full\"><img loading=\"lazy\" decoding=\"async\" width=\"500\" height=\"311\" src=\"https:\/\/menesianosoy.org\/wp-content\/uploads\/2024\/01\/202001121.jpg\" alt=\"\" class=\"wp-image-8689\" srcset=\"https:\/\/menesianosoy.org\/wp-content\/uploads\/2024\/01\/202001121.jpg 500w, https:\/\/menesianosoy.org\/wp-content\/uploads\/2024\/01\/202001121-300x187.jpg 300w\" sizes=\"auto, (max-width: 500px) 85vw, 500px\" \/><\/figure>\n\n\n\n<h4 class=\"wp-block-heading has-text-align-left has-vivid-cyan-blue-color has-text-color has-link-color wp-elements-a2301f517995ee179f0ea9fe1a82cd5c\"><br><strong>Palabra y realidad<\/strong><\/h4>\n\n\n\n<p class=\"has-text-align-left\">Juan est\u00e1 en el Jord\u00e1n bautizando a los que confiesan sus pecados y anuncia que detr\u00e1s de \u00e9l viene alguien que es m\u00e1s poderoso y que bautizar\u00e1 con el Esp\u00edritu. Desde Nazaret llega Jes\u00fas para ser bautizado. No se dice que confiesa sus pecados (todos los dem\u00e1s s\u00ed).<br>Jes\u00fas se inscribe en esta experiencia del pueblo que desea que Dios cumpla sus promesas y acabe con la injusticia. Participa de esa experiencia, de ese deseo, aunque \u00c9l no sea c\u00f3mplice de la situaci\u00f3n que se est\u00e1 viviendo.<br><br>El bautismo representa la elecci\u00f3n fundamental de Jes\u00fas: la solidaridad con la humanidad hasta dar la vida. Expresi\u00f3n de amor incondicional. Su muerte es la expresi\u00f3n de m\u00e1xima solidaridad, es el bautismo en que debe ser bautizado y que est\u00e1 deseoso que acontezca. Su bautismo no es muerte a un pasado, sino muerte en un futuro. El ser\u00e1 bautizado en su muerte. \u2018\u00bfPodr\u00e1n bautizarse con el bautismo con que yo ser\u00e9 bautizado?\u2019, les preguntar\u00e1 a los hijos de Zebedeo.<br><br>El bautismo de Jes\u00fas en el Jord\u00e1n es en primer lugar un ba\u00f1o de humanidad: \u2018Baj\u00f3\u2019. En ese ba\u00f1o ve la aflicci\u00f3n de su pueblo, oye su clamor y siente la llamada de Dios. Sin este ba\u00f1o de humanidad no se comprende su experiencia. Sin provocaci\u00f3n de la realidad no puede haber vocaci\u00f3n, llamada del Se\u00f1or. Hay una relaci\u00f3n estrecha entre el salir del agua y el bajar del Esp\u00edritu. Jes\u00fas recibe la plenitud del Esp\u00edritu y por eso podr\u00e1 bautizar con Esp\u00edritu Santo.<br><br>La primer experiencia que vive Jes\u00fas es visual: \u2018Se rasgan los cielos\u2019. Expresa la acci\u00f3n portentosa con que Yahv\u00e9 irrumpe en la historia del pueblo para instaurar el Reino. Dios irrumpe en Jes\u00fas y en \u00c9l establece la comunicaci\u00f3n entre Dios y la persona. Es el cumplimiento de la gran promesa mesi\u00e1nica (Is 63, 15-19). La bajada del Esp\u00edritu a Jes\u00fas es como la bajada de la paloma a su nido: Jes\u00fas es el nido del Esp\u00edritu. En Jes\u00fas anida el Esp\u00edritu. La experiencia de filiaci\u00f3n es siempre fruto del Esp\u00edritu. Jes\u00fas recibe una misi\u00f3n del Esp\u00edritu en favor del pueblo.<br><br>La segunda experiencia es auditiva: \u2018T\u00fa eres mi Hijo\u2019. Expresi\u00f3n de la relaci\u00f3n de Jes\u00fas con su Padre. El Hijo revelar\u00e1 el verdadero rostro del Padre. Quien ve al Hijo ve al Padre. La expresi\u00f3n \u2018T\u00fa eres mi Hijo\u2019 no revela en primer t\u00e9rmino qui\u00e9n es Jes\u00fas, sino qui\u00e9n es Dios, el Padre. La iniciativa viene del Padre que quiere revelarse en el Hijo. El Padre se revela en el Hijo y manifiesta la identidad relacional de ambos.<br>\u2018En ti tengo puesta toda mi predilecci\u00f3n\u2019 hace alusi\u00f3n al Siervo de Yav\u00e9. El mesianismo de Jes\u00fas est\u00e1 en la l\u00ednea del siervo sufriente, no en la l\u00ednea de poder y gloria del mesianismo dav\u00eddico. Jes\u00fas no vino para ser servido, sino para servir.<br><br>Este texto del bautismo mantiene una relaci\u00f3n muy estrecha con los relatos de la Transfiguraci\u00f3n y de la Crucifixi\u00f3n. Con el relato de la Transfiguraci\u00f3n tiene en com\u00fan la \u2018voz del Padre\u2019. As\u00ed como la voz del Padre se encuentra en el comienzo de su misi\u00f3n, la volvemos a encontrar en el inicio de su camino hacia Jerusal\u00e9n. Con el relato de la Crucifixi\u00f3n tiene en com\u00fan el \u2018rasgarse\u2019. Cielo y Templo son los lugares de presencia de Dios para el juda\u00edsmo y esos lugares se \u2018rasgan\u2019, se abren para todos. El lugar de encuentro con Dios ser\u00e1 a partir de ahora el Cuerpo resucitado del Se\u00f1or.<br><br>Los menesianos estamos convocados a vivir como hijos e hijas, a vivir en clave de filiaci\u00f3n nuestras relaciones, pues quienes viven as\u00ed viven sabi\u00e9ndose hermanos y hermanas, en pie de igualdad y siendo servidores en la mesa redonda del Reino. Somos las hijas y los hijos muy queridos del Padre Dios, servidores dispuestos a derramar la \u00faltima gota de nuestra sangre para mayor gloria de Dios y salvaci\u00f3n de los ni\u00f1os y j\u00f3venes que nos son confiados.<\/p>\n\n\n\n<h4 class=\"wp-block-heading has-text-align-left has-vivid-cyan-blue-color has-text-color has-link-color wp-elements-0736773c09a4ccf7f589ffd5c8e42af1\"><br><strong>Lectura de los lazos<\/strong><\/h4>\n\n\n\n<p class=\"has-text-align-left\">Jes\u00fas y el pueblo: tiene un lazo de solidaridad y de pertenencia muy fuerte, pasa como uno m\u00e1s y quiere que Juan lo bautice porque se siente uno con su pueblo, aunque no tenga pecados que confesar. El que se siente indigno de soltar la correa de la sandalia, al bautizarlo, lo ata con la humanidad sedienta de salvaci\u00f3n.<\/p>\n\n\n\n<h4 class=\"wp-block-heading has-text-align-left has-vivid-cyan-blue-color has-text-color has-link-color wp-elements-fc106bf8187ed34fa9151c6c240c10b4\"><br><strong>Palabras de Juan Mar\u00eda<\/strong><\/h4>\n\n\n\n<p class=\"has-text-align-left\"><img decoding=\"async\" class=\"wp-image-618\" style=\"width: 150px;\" src=\"https:\/\/menesianosoy.org\/wp-content\/uploads\/2023\/08\/j.png\" alt=\"\"><br><em>\u00abQue el Esp\u00edritu del Se\u00f1or descanse sobre ellos\u00bb. \u00a1Qu\u00e9 promesa! El descanso del Esp\u00edritu sobre un alma es algo inefable. \u00bfQui\u00e9n podr\u00e1 narrar esos secretos de amor, esos misterios del cielo? \u00a1Un alma muy amada por el Esp\u00edritu de Dios! \u00a1Un alma en la que \u00c9l pone toda su alegr\u00eda en enriquecer, en adornar, sobre la que \u00c9l reposa! \u00a1Oh, pobre alma m\u00eda! \u00bfCu\u00e1ndo ser\u00e1s bautizada en el Esp\u00edritu Santo? \u00bfCu\u00e1ndo derramar\u00e1 sobre ti sus luces, su paz, todas las riquezas de su gracia? Abandonemos todo, vayamos a Jes\u00fas, \u00c9l es quien bautiza en el Esp\u00edritu Santo. (Memorial 70-71)<\/em><\/p>\n\n\n\n<h4 class=\"wp-block-heading has-text-align-left has-vivid-cyan-blue-color has-text-color has-link-color wp-elements-b5d2d5d40c70e1aa53fcadb427f006c7\"><br><strong><em>\u00c9l es mi Hijo &#8211; Javier Br\u00fa<\/em><\/strong><\/h4>\n\n\n\n<figure class=\"wp-block-embed is-type-video is-provider-youtube wp-block-embed-youtube wp-embed-aspect-16-9 wp-has-aspect-ratio\"><div class=\"wp-block-embed__wrapper\">\n<iframe loading=\"lazy\" title=\"\u00c9l es mi Hijo - Javier Br\u00fa | El Bautismo del Se\u00f1or (Mt 3, 13-17; Mc 1, 7-11:Lc 3, 15-22)\" width=\"1140\" height=\"641\" src=\"https:\/\/www.youtube.com\/embed\/nhD0EBlFKEk?feature=oembed\" frameborder=\"0\" allow=\"accelerometer; autoplay; clipboard-write; encrypted-media; gyroscope; picture-in-picture; web-share\" allowfullscreen><\/iframe>\n<\/div><\/figure>\n\n\n\n<p class=\"has-text-align-left\">\u00c9l es mi Siervo, a quien sostengo,<br>es mi elegido, mi predilecto.<br>Mi Santo Esp\u00edritu sobre \u00c9l he puesto,<br>para que al mundo traiga el derecho.<br>\u00c9l es la Alianza que atrae a las gentes,<br>libra a cautivos, sana invidentes.<br>Su luz disipa cualquier tiniebla.<br>Todos los pueblos por \u00c9l se encuentran.<br><br>\u00c9l es mi hijo, al que amo tanto,<br>mi predilecto, en quien me complazco.<br>\u00c9l es mi hijo.<br><br>Jes\u00fas viniendo de Galilea<br>pidi\u00f3 el bautismo a quien dijera:<br>\u201cMirad, que viene quien sus sandalias<br>yo no soy digno de desatarlas\u201d.<br>Y en aquel r\u00edo se bautizaba,<br>se abr\u00edan los cielos y el Padre hablaba,<br>porque su reino ya se iniciaba.<br>En Jesucristo, Dios se nos daba.<br><br>Jes\u00fas, Cordero y Hermano nuestro,<br>eres camino que lleva al cielo;<br>por ti Dios Padre, es Padre Nuestro,<br>si practicamos tu amor fraterno.<br>Incorporados por tu bautismo<br>somos tu Iglesia, tu Cuerpo, Cristo,<br>que, con la fuerza del Santo Esp\u00edritu,<br>tu luz llevamos, luz que es Dios mismo.<\/p>\n\n\n\n<p class=\"has-vivid-cyan-blue-background-color has-background\"><\/p>\n\n\n\n<figure class=\"wp-block-image size-full\"><img decoding=\"async\" src=\"https:\/\/menesianosoy.org\/wp-content\/uploads\/2024\/01\/Logo-Jime-800-p-2.jpg\" alt=\"\" class=\"wp-image-8686\"\/><\/figure>\n","protected":false},"excerpt":{"rendered":"<p>Isa\u00edas 55, 1-11Isa\u00edas 12, 2-3.4b-6 (Salmo)1\u00aa Juan 5, 1-9 Evangelio: Marcos 1, 7-11 Juan Bautista predicaba diciendo:Detr\u00e1s de mi vendr\u00e1 el que es m\u00e1s poderoso que yo, y yo ni siquiera soy digno de ponerme a sus pies para desatar la correa de sus sandalias.Yo los he bautizado a ustedes con agua, pero \u00e9l los &hellip; <a href=\"https:\/\/menesianosoy.org\/index.php\/2024\/01\/04\/bautismo-de-jesus\/\" class=\"more-link\">Continue reading<span class=\"screen-reader-text\"> \u00abBautismo de Jes\u00fas\u00bb<\/span><\/a><\/p>\n","protected":false},"author":3,"featured_media":0,"comment_status":"closed","ping_status":"closed","sticky":false,"template":"","format":"standard","meta":{"_acf_changed":false,"footnotes":""},"categories":[9],"tags":[],"class_list":["post-8669","post","type-post","status-publish","format-standard","hentry","category-evangelio"],"acf":[],"_links":{"self":[{"href":"https:\/\/menesianosoy.org\/index.php\/wp-json\/wp\/v2\/posts\/8669","targetHints":{"allow":["GET"]}}],"collection":[{"href":"https:\/\/menesianosoy.org\/index.php\/wp-json\/wp\/v2\/posts"}],"about":[{"href":"https:\/\/menesianosoy.org\/index.php\/wp-json\/wp\/v2\/types\/post"}],"author":[{"embeddable":true,"href":"https:\/\/menesianosoy.org\/index.php\/wp-json\/wp\/v2\/users\/3"}],"replies":[{"embeddable":true,"href":"https:\/\/menesianosoy.org\/index.php\/wp-json\/wp\/v2\/comments?post=8669"}],"version-history":[{"count":10,"href":"https:\/\/menesianosoy.org\/index.php\/wp-json\/wp\/v2\/posts\/8669\/revisions"}],"predecessor-version":[{"id":8690,"href":"https:\/\/menesianosoy.org\/index.php\/wp-json\/wp\/v2\/posts\/8669\/revisions\/8690"}],"wp:attachment":[{"href":"https:\/\/menesianosoy.org\/index.php\/wp-json\/wp\/v2\/media?parent=8669"}],"wp:term":[{"taxonomy":"category","embeddable":true,"href":"https:\/\/menesianosoy.org\/index.php\/wp-json\/wp\/v2\/categories?post=8669"},{"taxonomy":"post_tag","embeddable":true,"href":"https:\/\/menesianosoy.org\/index.php\/wp-json\/wp\/v2\/tags?post=8669"}],"curies":[{"name":"wp","href":"https:\/\/api.w.org\/{rel}","templated":true}]}}