{"id":9136,"date":"2024-01-17T19:39:11","date_gmt":"2024-01-17T22:39:11","guid":{"rendered":"https:\/\/menesianosoy.org\/?p=9136"},"modified":"2024-01-20T07:44:18","modified_gmt":"2024-01-20T10:44:18","slug":"san-fabian-san-sebastian","status":"publish","type":"post","link":"https:\/\/menesianosoy.org\/index.php\/2024\/01\/17\/san-fabian-san-sebastian\/","title":{"rendered":"San Fabi\u00e1n \u2013 San Sebasti\u00e1n"},"content":{"rendered":"\n<h5 class=\"wp-block-heading has-vivid-purple-color has-text-color has-link-color wp-elements-3c9b5a3ff2447f439927ce50ad264ce1\"><strong><em>Liturgia de las horas: Rezamos con el tema HUMILDAD<\/em><\/strong><\/h5>\n\n\n\n<p class=\"has-text-align-left\"><br><strong><em>2\u00aa Samuel 1, 1-4. 11-12. 17. 19. 23-27<br>Salmo 79, 2-3. 5-7<\/em><\/strong><\/p>\n\n\n\n<h4 class=\"wp-block-heading has-text-align-left has-vivid-cyan-blue-color has-text-color has-link-color wp-elements-a9e775c9f0c74945549d8d42d0c9ace9\"><strong>Evangelio: Marcos 3, 20-21<\/strong><\/h4>\n\n\n\n<p class=\"has-text-align-left\"><strong><em>En aquel tiempo Jes\u00fas regres\u00f3 a la casa, y de nuevo se junt\u00f3 tanta gente que ni siquiera pod\u00edan comer.<br>Cuando sus parientes se enteraron, salieron para llev\u00e1rselo, porque dec\u00edan: Es un exaltado.<\/em><\/strong><\/p>\n\n\n\n<figure class=\"wp-block-image size-full\"><img loading=\"lazy\" decoding=\"async\" width=\"225\" height=\"225\" src=\"https:\/\/menesianosoy.org\/wp-content\/uploads\/2024\/01\/descarga-3.jpg\" alt=\"\" class=\"wp-image-9151\" srcset=\"https:\/\/menesianosoy.org\/wp-content\/uploads\/2024\/01\/descarga-3.jpg 225w, https:\/\/menesianosoy.org\/wp-content\/uploads\/2024\/01\/descarga-3-150x150.jpg 150w\" sizes=\"auto, (max-width: 225px) 85vw, 225px\" \/><\/figure>\n\n\n\n<p class=\"has-text-align-left\"><br>Jes\u00fas regres\u00f3 a la casa de Pedro en Cafarna\u00fam, que ahora era su casa. Ya no vive en Nazaret, ahora su \u2018familia\u2019 se ha ampliado. Para entender estos vers\u00edculos, ser\u00eda bueno leer el cap\u00edtulo 3 entero.<br><br>Interesante ver c\u00f3mo una multitud del pueblo lo busca y lo ve como una bendici\u00f3n, mientras que de afuera vienen a buscarlo por considerarlo \u2018fuera de s\u00ed\u2019 y juzgarlo como endemoniado:<br>.- Su familia, la de sangre, de Nazaret, piensa que est\u00e1 un poco loco. No sabemos si entre ellos estaba Mar\u00eda. S\u00ed que poco despu\u00e9s aparece ella busc\u00e1ndolo. (v. 31)<br>.- Los escribas que han venido de Jerusal\u00e9n (V. 22) dicen que est\u00e1 pose\u00eddo por el demonio. Es la opini\u00f3n de sus jefes religiosos.<br><br>Pero qued\u00e9monos con la gente de Cafarna\u00fam y alrededores: Acuden en masa a ser curados y a escuchar al maestro. Y los disc\u00edpulos lo ayudan. Parece que todos est\u00e1n ocupados en el recibir y atender a la gente, porque el texto dice que no \u201cpod\u00edan comer\u201d. No era s\u00f3lo Jes\u00fas el ocupado, hab\u00eda un trabajo comunitario, que sacrificaba horas de descanso y de comidas, para que nadie quedase sin una respuesta. Loable actitud, porque ellos como nosotros, al volver a casa habr\u00e1n querido estar tranquilos, sentirse c\u00f3modos, no ser molestados, tomar algo fresco, charlar y sentarse sin apuros alrededor de una mesa. Pero nada de esto sucedi\u00f3: La casa estaba llena de gente. Es de imaginar los apuros por tocar y dejarse tocar por el maestro; algunos contentos y otros molestos porque alguien llegado m\u00e1s tarde se les adelant\u00f3; los disc\u00edpulos tratando de ordenar a la multitud, quejas, bullicio, exclamaciones de alegr\u00eda por las curaciones, etc. Imposible la privacidad. \u00a1As\u00ed no hay cuerpo que aguante!<br><br>Pero ah\u00ed est\u00e1 Jes\u00fas en cuerpo entero, con su opci\u00f3n por el servicio a toda hora y sin medir costos. Y est\u00e1n sus disc\u00edpulos apoy\u00e1ndolo, esos que hace muy poco acaba de nombrar para que est\u00e9n con \u00e9l. Lo secundan en el esfuerzo. Ya mostrar\u00e1n la hilacha m\u00e1s adelante. Hermoso ejemplo de comunidad al servicio de los dem\u00e1s y no al servicio de s\u00ed misma; descentrada y no egoc\u00e9ntrica; capaz de abrir las puertas de su casa a los necesitados. Una comunidad abierta, en salida, solidaria, que no pierde tiempo ni energ\u00edas mir\u00e1ndose el ombligo.<\/p>\n\n\n\n<h4 class=\"wp-block-heading has-text-align-left has-vivid-cyan-blue-color has-text-color has-link-color wp-elements-fc106bf8187ed34fa9151c6c240c10b4\"><br><strong>Palabras de Juan Mar\u00eda<\/strong><\/h4>\n\n\n\n<p class=\"has-text-align-left\"><img decoding=\"async\" class=\"wp-image-618\" style=\"width: 150px;\" src=\"https:\/\/menesianosoy.org\/wp-content\/uploads\/2023\/08\/j.png\" alt=\"\"><br><em>Doy mi consentimiento para que comiencen el estudio, pero no me gustar\u00eda eliminar una clase. S\u00e9 que esto ser\u00e1 molesto y agotador para ustedes. Sin embargo, relev\u00e1ndose unos a otros, podr\u00e1n arreglarse por un tiempo. Y, si las cosas van bien, como espero, les dar\u00e9 una ayuda. (Al H. Ambrosio, 31-12-1836)<\/em><\/p>\n\n\n\n<h4 class=\"wp-block-heading has-text-align-left has-vivid-cyan-blue-color has-text-color has-link-color wp-elements-cf29b3a65a6769df6e13b57f9dbdb4e0\"><br><strong><em>Artesanos de fraternidad \u2013 Roig &amp; Techera<\/em><\/strong><\/h4>\n\n\n\n<figure class=\"wp-block-embed is-type-video is-provider-youtube wp-block-embed-youtube wp-embed-aspect-16-9 wp-has-aspect-ratio\"><div class=\"wp-block-embed__wrapper\">\n<iframe loading=\"lazy\" title=\"Artesanos de Fraternidad\" width=\"1140\" height=\"641\" src=\"https:\/\/www.youtube.com\/embed\/nPgmCM4mNxE?feature=oembed\" frameborder=\"0\" allow=\"accelerometer; autoplay; clipboard-write; encrypted-media; gyroscope; picture-in-picture; web-share\" allowfullscreen><\/iframe>\n<\/div><\/figure>\n\n\n\n<p class=\"has-text-align-left\">Invitarte a mi casa a jugar<br>y prestarte colores para dibujar.<br>Quedarnos un retiro a charlar.<br>Preguntarte \u00bfqu\u00e9 pasa?, si te veo mal,<br>escuchando lo que me quer\u00e9s decir<br>y dici\u00e9ndote lo que ten\u00e9s que o\u00edr.<br>Esperando lo que el tiempo da,<br>festejando cada paso que das.<br><br>Artesanos de fraternidad,<br>que parece que miran lo que a\u00fan no est\u00e1.<br>Artesanos de fraternidad,<br>que se juegan las manos<br>tan s\u00f3lo so\u00f1ando el final.<br><br>No dejarte tirado jam\u00e1s;<br>que siempre en el grupo teng\u00e1s un lugar.<br>Confiarte lo que me hace llorar<br>y guardar los secretos que quieras guardar.<br>Ayudarte a ver lo que te sale mal,<br>coment\u00e1ndole a todos lo bien que vas.<br>Buscando lo que no encontr\u00e1s.<\/p>\n\n\n\n<p class=\"has-vivid-cyan-blue-background-color has-background\"><\/p>\n\n\n\n<figure class=\"wp-block-image size-full\"><img decoding=\"async\" src=\"https:\/\/menesianosoy.org\/wp-content\/uploads\/2024\/01\/Logo-Jime-800-p-12.jpg\" alt=\"\" class=\"wp-image-9148\"\/><\/figure>\n","protected":false},"excerpt":{"rendered":"<p>Liturgia de las horas: Rezamos con el tema HUMILDAD 2\u00aa Samuel 1, 1-4. 11-12. 17. 19. 23-27Salmo 79, 2-3. 5-7 Evangelio: Marcos 3, 20-21 En aquel tiempo Jes\u00fas regres\u00f3 a la casa, y de nuevo se junt\u00f3 tanta gente que ni siquiera pod\u00edan comer.Cuando sus parientes se enteraron, salieron para llev\u00e1rselo, porque dec\u00edan: Es un &hellip; <a href=\"https:\/\/menesianosoy.org\/index.php\/2024\/01\/17\/san-fabian-san-sebastian\/\" class=\"more-link\">Continue reading<span class=\"screen-reader-text\"> \u00abSan Fabi\u00e1n \u2013 San Sebasti\u00e1n\u00bb<\/span><\/a><\/p>\n","protected":false},"author":3,"featured_media":0,"comment_status":"closed","ping_status":"closed","sticky":false,"template":"","format":"standard","meta":{"_acf_changed":false,"footnotes":""},"categories":[9],"tags":[],"class_list":["post-9136","post","type-post","status-publish","format-standard","hentry","category-evangelio"],"acf":[],"_links":{"self":[{"href":"https:\/\/menesianosoy.org\/index.php\/wp-json\/wp\/v2\/posts\/9136","targetHints":{"allow":["GET"]}}],"collection":[{"href":"https:\/\/menesianosoy.org\/index.php\/wp-json\/wp\/v2\/posts"}],"about":[{"href":"https:\/\/menesianosoy.org\/index.php\/wp-json\/wp\/v2\/types\/post"}],"author":[{"embeddable":true,"href":"https:\/\/menesianosoy.org\/index.php\/wp-json\/wp\/v2\/users\/3"}],"replies":[{"embeddable":true,"href":"https:\/\/menesianosoy.org\/index.php\/wp-json\/wp\/v2\/comments?post=9136"}],"version-history":[{"count":15,"href":"https:\/\/menesianosoy.org\/index.php\/wp-json\/wp\/v2\/posts\/9136\/revisions"}],"predecessor-version":[{"id":9332,"href":"https:\/\/menesianosoy.org\/index.php\/wp-json\/wp\/v2\/posts\/9136\/revisions\/9332"}],"wp:attachment":[{"href":"https:\/\/menesianosoy.org\/index.php\/wp-json\/wp\/v2\/media?parent=9136"}],"wp:term":[{"taxonomy":"category","embeddable":true,"href":"https:\/\/menesianosoy.org\/index.php\/wp-json\/wp\/v2\/categories?post=9136"},{"taxonomy":"post_tag","embeddable":true,"href":"https:\/\/menesianosoy.org\/index.php\/wp-json\/wp\/v2\/tags?post=9136"}],"curies":[{"name":"wp","href":"https:\/\/api.w.org\/{rel}","templated":true}]}}