{"id":9157,"date":"2024-01-17T19:46:20","date_gmt":"2024-01-17T22:46:20","guid":{"rendered":"https:\/\/menesianosoy.org\/?p=9157"},"modified":"2024-01-18T11:45:11","modified_gmt":"2024-01-18T14:45:11","slug":"san-fabian-san-sebastian-2","status":"publish","type":"post","link":"https:\/\/menesianosoy.org\/index.php\/2024\/01\/17\/san-fabian-san-sebastian-2\/","title":{"rendered":"San Fabi\u00e1n \u2013 San Sebasti\u00e1n"},"content":{"rendered":"\n<h4 class=\"wp-block-heading has-text-align-left has-vivid-cyan-blue-color has-text-color has-link-color wp-elements-61fe26add688ba1d749266724bf57a67\"><strong><em>Intenciones<\/em><\/strong><\/h4>\n\n\n\n<ul class=\"has-black-color has-text-color has-link-color wp-block-list wp-elements-cd5e301df2605c0d14c490a1b017f91d\">\n<li>Por la familia menesiana que vive la misi\u00f3n en\u00a0 El Alto.<\/li>\n\n\n\n<li>Por la comunidad de Reinosa (Espa\u00f1a) y la de Aneho (Togo).<\/li>\n\n\n\n<li>Por las misiones<\/li>\n\n\n\n<li>Por el Cap\u00edtulo General.<\/li>\n\n\n\n<li>Por la paz en el mundo.<\/li>\n<\/ul>\n\n\n\n<h4 class=\"wp-block-heading has-text-align-left has-vivid-cyan-blue-color has-text-color has-link-color wp-elements-1905e829d8aa4485b246d6af8ec50287\"><br><strong><em>Directorio 69<\/em><\/strong><\/h4>\n\n\n\n<p class=\"has-text-align-left\">Los di\u00e1logos comunitarios son para los Hermanos, si se expresan y se escuchan con verdad y caridad, un medio precioso de informaci\u00f3n mutua, de concertaci\u00f3n y de comuni\u00f3n en los valores que viven.<\/p>\n\n\n\n<h4 class=\"wp-block-heading has-text-align-left has-vivid-cyan-blue-color has-text-color has-link-color wp-elements-0247cf1c291fc7a778750676ccfcd8dc\"><br><strong><em>A su amigo Brut\u00e9 de R\u00e9mur, junio de 1809<\/em><\/strong><\/h4>\n\n\n\n<p class=\"has-text-align-left\">A cada d\u00eda le basta su pena: no a\u00f1adamos a lo que sufrimos todo lo que tememos sufrir: ser\u00eda demasiado.<\/p>\n\n\n\n<h4 class=\"wp-block-heading has-text-align-left has-vivid-cyan-blue-color has-text-color has-link-color wp-elements-388e9b22edf388f9d915f1259eebbf73\"><br><strong><em>Difuntos<\/em><\/strong><\/h4>\n\n\n\n<p class=\"has-text-align-left\">1980: \u00c9douard Charette (Edouard-Charles)<br>1985: Corentin Bec (Ambroise-Alexis)<br>1987: Marcel S\u00e9vaux (\u00c9nogat)<br>1994: Joseph Cavarec (Nazaire-Marie)<br>1998: Alexandre Le Pape (Martial-Marie).<\/p>\n","protected":false},"excerpt":{"rendered":"<p>Intenciones Directorio 69 Los di\u00e1logos comunitarios son para los Hermanos, si se expresan y se escuchan con verdad y caridad, un medio precioso de informaci\u00f3n mutua, de concertaci\u00f3n y de comuni\u00f3n en los valores que viven. A su amigo Brut\u00e9 de R\u00e9mur, junio de 1809 A cada d\u00eda le basta su pena: no a\u00f1adamos a &hellip; <a href=\"https:\/\/menesianosoy.org\/index.php\/2024\/01\/17\/san-fabian-san-sebastian-2\/\" class=\"more-link\">Continue reading<span class=\"screen-reader-text\"> \u00abSan Fabi\u00e1n \u2013 San Sebasti\u00e1n\u00bb<\/span><\/a><\/p>\n","protected":false},"author":3,"featured_media":0,"comment_status":"closed","ping_status":"closed","sticky":false,"template":"","format":"standard","meta":{"_acf_changed":false,"footnotes":""},"categories":[3],"tags":[],"class_list":["post-9157","post","type-post","status-publish","format-standard","hentry","category-calendario"],"acf":[],"_links":{"self":[{"href":"https:\/\/menesianosoy.org\/index.php\/wp-json\/wp\/v2\/posts\/9157","targetHints":{"allow":["GET"]}}],"collection":[{"href":"https:\/\/menesianosoy.org\/index.php\/wp-json\/wp\/v2\/posts"}],"about":[{"href":"https:\/\/menesianosoy.org\/index.php\/wp-json\/wp\/v2\/types\/post"}],"author":[{"embeddable":true,"href":"https:\/\/menesianosoy.org\/index.php\/wp-json\/wp\/v2\/users\/3"}],"replies":[{"embeddable":true,"href":"https:\/\/menesianosoy.org\/index.php\/wp-json\/wp\/v2\/comments?post=9157"}],"version-history":[{"count":8,"href":"https:\/\/menesianosoy.org\/index.php\/wp-json\/wp\/v2\/posts\/9157\/revisions"}],"predecessor-version":[{"id":9168,"href":"https:\/\/menesianosoy.org\/index.php\/wp-json\/wp\/v2\/posts\/9157\/revisions\/9168"}],"wp:attachment":[{"href":"https:\/\/menesianosoy.org\/index.php\/wp-json\/wp\/v2\/media?parent=9157"}],"wp:term":[{"taxonomy":"category","embeddable":true,"href":"https:\/\/menesianosoy.org\/index.php\/wp-json\/wp\/v2\/categories?post=9157"},{"taxonomy":"post_tag","embeddable":true,"href":"https:\/\/menesianosoy.org\/index.php\/wp-json\/wp\/v2\/tags?post=9157"}],"curies":[{"name":"wp","href":"https:\/\/api.w.org\/{rel}","templated":true}]}}