{"id":9348,"date":"2024-01-24T08:56:18","date_gmt":"2024-01-24T11:56:18","guid":{"rendered":"https:\/\/menesianosoy.org\/?p=9348"},"modified":"2024-01-24T09:06:06","modified_gmt":"2024-01-24T12:06:06","slug":"santos-timoteo-y-tito-2","status":"publish","type":"post","link":"https:\/\/menesianosoy.org\/index.php\/2024\/01\/24\/santos-timoteo-y-tito-2\/","title":{"rendered":"Santos Timoteo y Tito"},"content":{"rendered":"\n<h4 class=\"wp-block-heading has-text-align-left has-vivid-cyan-blue-color has-text-color has-link-color wp-elements-b639f3f75c48ff3a64693f74e11e936e\"><br><strong><em>Oraci\u00f3n<\/em><\/strong><\/h4>\n\n\n\n<p><strong><em>Se\u00f1or haz que vea<br>los llamados que vienen<br>de los hombres.<br>Se\u00f1or, haz que vea<br>los gritos de los ni\u00f1os y j\u00f3venes\u00a0<br>que vienen de la vida y de la historia\u00a0<br>que van tejiendo a nuestro lado.<br>Se\u00f1or, haz que vea\u00a0<br>todo con ojos nuevos,\u00a0<br>con coraz\u00f3n de entra\u00f1able misericordia.<br>Se\u00f1or haz que vea\u00a0<br>y que avive mi pasi\u00f3n por los ni\u00f1os,\u00a0<br>por los j\u00f3venes y por todos\u00a0<br>los que est\u00e1n sedientos\u00a0<br>de presencia y cercan\u00eda.<br>Se\u00f1or haz que vea\u00a0<br>y que como Juan Mar\u00eda\u00a0<br>tenga los ojos bien abiertos\u00a0<br>para ir a la frontera, al extremo,\u00a0<br>donde nadie alcanza,\u00a0<br>porque desde all\u00ed llegan\u00a0<br>las voces m\u00e1s apremiantes\u00a0<br>de los hombres que nos convocan\u00a0<br>y provocan.<\/em><\/strong><\/p>\n\n\n\n<h4 class=\"wp-block-heading has-text-align-left has-vivid-cyan-blue-color has-text-color has-link-color wp-elements-564a444a1f0ca783c9e89e5254ecd0b3\"><br><strong><em>Intenciones<\/em><\/strong><\/h4>\n\n\n\n<ul class=\"wp-block-list\">\n<li>Por la familia menesiana del colegio San Pablo de Luj\u00e1n de Cuyo.<\/li>\n\n\n\n<li>Por el cumplea\u00f1os de los H. Joaqu\u00edn Grijalvo, de la comunidad de Culipr\u00e1n y Jes\u00fas Hidalgo de la comunidad de Nanclares.<\/li>\n\n\n\n<li>Por el Cap\u00edtulo General<\/li>\n\n\n\n<li>Por la paz en el mundo.<\/li>\n<\/ul>\n\n\n\n<h4 class=\"wp-block-heading has-text-align-left has-vivid-cyan-blue-color has-text-color has-link-color wp-elements-9f40c6501847c7891368d383bcc5067d\"><br><strong><em>Directorio 75 a<\/em><\/strong><\/h4>\n\n\n\n<p class=\"has-text-align-left\">La oraci\u00f3n de Cristo durante su vida terrena brota de su intimidad con el Padre. Ora con los suyos en el templo; ora solo en el desierto o en lugares apartados, incluso cuando todos le buscan. Ora ante las grandes decisiones que conciernen a su misi\u00f3n, y ante la prueba decisiva de su pasi\u00f3n; ora para que la fe y la unidad se conserven entre los suyos.<\/p>\n\n\n\n<h4 class=\"wp-block-heading has-text-align-left has-vivid-cyan-blue-color has-text-color has-link-color wp-elements-ffeeffdb811d620cdb1242877798c30b\"><br><strong><em>Regla de 1823<\/em><\/strong><\/h4>\n\n\n\n<p class=\"has-text-align-left\">Los Hermanos desprender\u00e1n totalmente su coraz\u00f3n de todo afecto a los bienes temporales; soportar\u00e1n por amor a nuestro Se\u00f1or Jesucristo las privaciones que se les imponga.<\/p>\n\n\n\n<h4 class=\"wp-block-heading has-text-align-left has-vivid-cyan-blue-color has-text-color has-link-color wp-elements-388e9b22edf388f9d915f1259eebbf73\"><br><strong><em>Difuntos<\/em><\/strong><\/h4>\n\n\n\n<p class=\"has-text-align-left\">1997: Victorino del Barrio (Belarmino). Naci\u00f3 en Villar\u00e9n de Pomar (Palencia) en 1914. Muri\u00f3 en<br>Nanclares.<br><br>1989: G\u00e9rard Vandal (Norbert-Gaudence)<br>2021: Roger Rouesn\u00e9<br>2023: Jean Gaonat\u2019h (S\u00e9bastien-Pierre)<\/p>\n","protected":false},"excerpt":{"rendered":"<p>Oraci\u00f3n Se\u00f1or haz que vealos llamados que vienende los hombres.Se\u00f1or, haz que vealos gritos de los ni\u00f1os y j\u00f3venes\u00a0que vienen de la vida y de la historia\u00a0que van tejiendo a nuestro lado.Se\u00f1or, haz que vea\u00a0todo con ojos nuevos,\u00a0con coraz\u00f3n de entra\u00f1able misericordia.Se\u00f1or haz que vea\u00a0y que avive mi pasi\u00f3n por los ni\u00f1os,\u00a0por los j\u00f3venes y &hellip; <a href=\"https:\/\/menesianosoy.org\/index.php\/2024\/01\/24\/santos-timoteo-y-tito-2\/\" class=\"more-link\">Continue reading<span class=\"screen-reader-text\"> \u00abSantos Timoteo y Tito\u00bb<\/span><\/a><\/p>\n","protected":false},"author":3,"featured_media":0,"comment_status":"closed","ping_status":"closed","sticky":false,"template":"","format":"standard","meta":{"_acf_changed":false,"footnotes":""},"categories":[3],"tags":[],"class_list":["post-9348","post","type-post","status-publish","format-standard","hentry","category-calendario"],"acf":[],"_links":{"self":[{"href":"https:\/\/menesianosoy.org\/index.php\/wp-json\/wp\/v2\/posts\/9348","targetHints":{"allow":["GET"]}}],"collection":[{"href":"https:\/\/menesianosoy.org\/index.php\/wp-json\/wp\/v2\/posts"}],"about":[{"href":"https:\/\/menesianosoy.org\/index.php\/wp-json\/wp\/v2\/types\/post"}],"author":[{"embeddable":true,"href":"https:\/\/menesianosoy.org\/index.php\/wp-json\/wp\/v2\/users\/3"}],"replies":[{"embeddable":true,"href":"https:\/\/menesianosoy.org\/index.php\/wp-json\/wp\/v2\/comments?post=9348"}],"version-history":[{"count":10,"href":"https:\/\/menesianosoy.org\/index.php\/wp-json\/wp\/v2\/posts\/9348\/revisions"}],"predecessor-version":[{"id":9361,"href":"https:\/\/menesianosoy.org\/index.php\/wp-json\/wp\/v2\/posts\/9348\/revisions\/9361"}],"wp:attachment":[{"href":"https:\/\/menesianosoy.org\/index.php\/wp-json\/wp\/v2\/media?parent=9348"}],"wp:term":[{"taxonomy":"category","embeddable":true,"href":"https:\/\/menesianosoy.org\/index.php\/wp-json\/wp\/v2\/categories?post=9348"},{"taxonomy":"post_tag","embeddable":true,"href":"https:\/\/menesianosoy.org\/index.php\/wp-json\/wp\/v2\/tags?post=9348"}],"curies":[{"name":"wp","href":"https:\/\/api.w.org\/{rel}","templated":true}]}}