{"id":9683,"date":"2024-01-29T16:47:18","date_gmt":"2024-01-29T19:47:18","guid":{"rendered":"https:\/\/menesianosoy.org\/?p=9683"},"modified":"2024-01-30T17:20:39","modified_gmt":"2024-01-30T20:20:39","slug":"5to-domingo-durante-el-ano-2","status":"publish","type":"post","link":"https:\/\/menesianosoy.org\/index.php\/2024\/01\/29\/5to-domingo-durante-el-ano-2\/","title":{"rendered":"5to Domingo durante el a\u00f1o"},"content":{"rendered":"\n<p class=\"has-text-align-left\"><strong><em>Beato Eduardo Pironio<\/em><\/strong><\/p>\n\n\n\n<h4 class=\"wp-block-heading has-text-align-left has-vivid-cyan-blue-color has-text-color has-link-color wp-elements-b639f3f75c48ff3a64693f74e11e936e\"><br><strong><em>Oraci\u00f3n<\/em><\/strong><\/h4>\n\n\n\n<p class=\"has-text-align-left\"><strong><em>Se\u00f1or Jes\u00fas, al comenzar el d\u00eda,<br>te ofrecemos nuestra vida entera.<br>Que el amor fraterno reine entre todos<br>los que formamos comunidad.<br>Que cada uno se sienta feliz<br>con la alegr\u00eda de los dem\u00e1s,<br>y sufra con sus penas.<br>Que todos nos prestemos ayuda mutua<br>para ir a Dios y realizar su obra cada d\u00eda.<br>Que no existan jam\u00e1s entre nosotros<br>ni contiendas ni rivalidades,<br>ni secretas envidias, ni palabras duras.<br>Aparta de nosotros, Se\u00f1or, todo lo que hiere,<br>todo lo que divide,<br>todo lo que altera la caridad.<br>Haz, Se\u00f1or, que hoy y siempre<br>intentemos ayudarnos<br>unos a otros a ser santos.<br>Que todos vivamos hoy con dulzura,<br>paciencia, humildad<br>y fidelidad a tu Palabra.<br>(Regla de 1835)<\/em><\/strong><\/p>\n\n\n\n<h4 class=\"wp-block-heading has-text-align-left has-vivid-cyan-blue-color has-text-color has-link-color wp-elements-564a444a1f0ca783c9e89e5254ecd0b3\"><br><strong><em>Intenciones<\/em><\/strong><\/h4>\n\n\n\n<ul class=\"wp-block-list\">\n<li>Por la familia menesiana de Huatusco (M\u00e9xico).<\/li>\n\n\n\n<li>Por la Escuela menesiana.<\/li>\n\n\n\n<li>Por la comunidad de Bilbao (Espa\u00f1a) y la de Diourbel (Senegal).<\/li>\n\n\n\n<li>Por las intenciones de la Novena.<\/li>\n\n\n\n<li>Por el Cap\u00edtulo general.<\/li>\n<\/ul>\n\n\n\n<h4 class=\"wp-block-heading has-text-align-left has-vivid-cyan-blue-color has-text-color has-link-color wp-elements-25a685a3154deb6a467ec7a0657ca552\"><br><strong><em>Directorio 81 b<\/em><\/strong><\/h4>\n\n\n\n<p class=\"has-text-align-left\">Para crear un entorno favorable, los Hermanos se someten a las exigencias del silencio. Consideran que la participaci\u00f3n en la oraci\u00f3n com\u00fan es un elemento primordial en la edificaci\u00f3n de una verdadera Comunidad.<\/p>\n\n\n\n<h4 class=\"wp-block-heading has-text-align-left has-vivid-cyan-blue-color has-text-color has-link-color wp-elements-a01c5dae96ad88a35f306551f59ddcb5\"><br><strong><em>Memorial p\u00e1g. 17<\/em><\/strong><\/h4>\n\n\n\n<p class=\"has-text-align-left\">Ser fiel en las cosas m\u00e1s peque\u00f1as, pero de buena gana y sin escr\u00fapulo. No temer el ser molestado en las ocupaciones, estudios, hasta en las mismas oraciones; volver a ellas con esp\u00edritu tranquilo y siempre contento.<\/p>\n\n\n\n<h4 class=\"wp-block-heading has-text-align-left has-vivid-cyan-blue-color has-text-color has-link-color wp-elements-388e9b22edf388f9d915f1259eebbf73\"><br><strong><em>Difuntos<\/em><\/strong><\/h4>\n\n\n\n<p class=\"has-text-align-left\">1956: Octavien-Joseph Coutu<br>2018: Gaston Boucher (Wilfrid-Augustin)<\/p>\n\n\n\n<p class=\"has-vivid-purple-background-color has-background\"><\/p>\n\n\n\n<h5 class=\"wp-block-heading has-text-align-left has-small-font-size\">EDUARDO FRANCISCO PIRONIO (1920-1998) fue un cardenal argentino de larga trayectoria en la Iglesia. Fue rector del Seminario de Villa Devoto, decano de la facultad de Teolog\u00eda y responsable de las Universidades cat\u00f3licas argentinas. En 1964 fue nombrado obispo auxiliar de La Plata. Particip\u00f3 del Concilio Vaticano II y luego fue secretario general del CELAM. En el 1972 es nombrado obispo de Mar del Plata. Fue clave su presencia en Medell\u00edn y en la aplicaci\u00f3n posterior, por lo que se le tild\u00f3 de comunista. En 1975 es nombrado Prefecto de la Vida Consagrada y de las Sociedades de Vida Apost\u00f3lica y parte para Roma, donde ocupar\u00e1 diversos cargos, entre los cuales presidente del Pontificio Consejo para los Laicos. Hombre de una profunda cultura teol\u00f3gica y espiritual, Pironio se distingui\u00f3 por su afabilidad, por su continua pr\u00e9dica sobre la esperanza y sobre la Virgen Mar\u00eda, madre de Jes\u00fas, y por su trayectoria eclesial impecable. Fue beatificado el 16 de diciembre del a\u00f1o pasado.<\/h5>\n","protected":false},"excerpt":{"rendered":"<p>Beato Eduardo Pironio Oraci\u00f3n Se\u00f1or Jes\u00fas, al comenzar el d\u00eda,te ofrecemos nuestra vida entera.Que el amor fraterno reine entre todoslos que formamos comunidad.Que cada uno se sienta felizcon la alegr\u00eda de los dem\u00e1s,y sufra con sus penas.Que todos nos prestemos ayuda mutuapara ir a Dios y realizar su obra cada d\u00eda.Que no existan jam\u00e1s entre &hellip; <a href=\"https:\/\/menesianosoy.org\/index.php\/2024\/01\/29\/5to-domingo-durante-el-ano-2\/\" class=\"more-link\">Continue reading<span class=\"screen-reader-text\"> \u00ab5to Domingo durante el a\u00f1o\u00bb<\/span><\/a><\/p>\n","protected":false},"author":3,"featured_media":0,"comment_status":"closed","ping_status":"closed","sticky":false,"template":"","format":"standard","meta":{"_acf_changed":false,"footnotes":""},"categories":[3],"tags":[],"class_list":["post-9683","post","type-post","status-publish","format-standard","hentry","category-calendario"],"acf":[],"_links":{"self":[{"href":"https:\/\/menesianosoy.org\/index.php\/wp-json\/wp\/v2\/posts\/9683","targetHints":{"allow":["GET"]}}],"collection":[{"href":"https:\/\/menesianosoy.org\/index.php\/wp-json\/wp\/v2\/posts"}],"about":[{"href":"https:\/\/menesianosoy.org\/index.php\/wp-json\/wp\/v2\/types\/post"}],"author":[{"embeddable":true,"href":"https:\/\/menesianosoy.org\/index.php\/wp-json\/wp\/v2\/users\/3"}],"replies":[{"embeddable":true,"href":"https:\/\/menesianosoy.org\/index.php\/wp-json\/wp\/v2\/comments?post=9683"}],"version-history":[{"count":11,"href":"https:\/\/menesianosoy.org\/index.php\/wp-json\/wp\/v2\/posts\/9683\/revisions"}],"predecessor-version":[{"id":9697,"href":"https:\/\/menesianosoy.org\/index.php\/wp-json\/wp\/v2\/posts\/9683\/revisions\/9697"}],"wp:attachment":[{"href":"https:\/\/menesianosoy.org\/index.php\/wp-json\/wp\/v2\/media?parent=9683"}],"wp:term":[{"taxonomy":"category","embeddable":true,"href":"https:\/\/menesianosoy.org\/index.php\/wp-json\/wp\/v2\/categories?post=9683"},{"taxonomy":"post_tag","embeddable":true,"href":"https:\/\/menesianosoy.org\/index.php\/wp-json\/wp\/v2\/tags?post=9683"}],"curies":[{"name":"wp","href":"https:\/\/api.w.org\/{rel}","templated":true}]}}