{"id":9833,"date":"2024-02-06T17:56:59","date_gmt":"2024-02-06T20:56:59","guid":{"rendered":"https:\/\/menesianosoy.org\/?p=9833"},"modified":"2024-02-07T06:49:51","modified_gmt":"2024-02-07T09:49:51","slug":"san-jeronimo-emiliani-santa-josefina-bakhita","status":"publish","type":"post","link":"https:\/\/menesianosoy.org\/index.php\/2024\/02\/06\/san-jeronimo-emiliani-santa-josefina-bakhita\/","title":{"rendered":"San Jer\u00f3nimo Emiliani \u2013 Santa Josefina Bakhita"},"content":{"rendered":"\n<p class=\"has-text-align-left\"><strong><em>1\u00ba Reyes 11, 4-13<br>Salmo 105, 3-4. 35-37. 40<\/em><\/strong><\/p>\n\n\n\n<h4 class=\"wp-block-heading has-text-align-left has-vivid-cyan-blue-color has-text-color has-link-color wp-elements-dfdbefcc4d79760b9d7fa0dc69fad3ed\"><strong>Evangelio: Marcos 7, 24-30<\/strong><\/h4>\n\n\n\n<p class=\"has-text-align-left\"><strong><em>Jes\u00fas parti\u00f3 de all\u00ed y fue a la regi\u00f3n de Tiro. Entr\u00f3 en una casa y no quiso que nadie lo supiera, pero no pudo permanecer oculto.<\/em><\/strong><br><strong><em>En seguida una mujer cuya hija estaba pose\u00edda por un esp\u00edritu impuro, oy\u00f3 hablar de \u00e9l y fue a postrarse a sus pies.<\/em><\/strong><br><strong><em>Esta mujer, que era pagana y de origen sirofenicio, le pidi\u00f3 que expulsara de su hija al demonio.<\/em><\/strong><br><strong><em>\u00c9l le respondi\u00f3: Deja que antes se sacien los hijos; no est\u00e1 bien tomar el pan de los hijos para tir\u00e1rselo a los cachorros.<\/em><\/strong><br><strong><em>Pero ella le respondi\u00f3: Es verdad, Se\u00f1or, pero los cachorros, debajo de la mesa, comen las migajas que dejan caer los hijos.<\/em><\/strong><br><strong><em>Entonces \u00e9l le dijo: A causa de lo que has dicho, puedes irte: el demonio ha salido de tu hija.<\/em><\/strong><br><strong><em>Ella regres\u00f3 a su casa y encontr\u00f3 a la ni\u00f1a acostada en la cama y liberada del demonio.<\/em><\/strong><\/p>\n\n\n\n<figure class=\"wp-block-image size-full\"><img loading=\"lazy\" decoding=\"async\" width=\"500\" height=\"300\" src=\"https:\/\/menesianosoy.org\/wp-content\/uploads\/2024\/02\/jesus.jpg\" alt=\"\" class=\"wp-image-9838\" srcset=\"https:\/\/menesianosoy.org\/wp-content\/uploads\/2024\/02\/jesus.jpg 500w, https:\/\/menesianosoy.org\/wp-content\/uploads\/2024\/02\/jesus-300x180.jpg 300w\" sizes=\"auto, (max-width: 500px) 85vw, 500px\" \/><\/figure>\n\n\n\n<p class=\"has-text-align-left\"><br>Una mujer pagana toma la iniciativa de acudir a Jes\u00fas aunque no pertenece al pueblo jud\u00edo. Es una madre angustiada que vive sufriendo con una hija \u201catormentada por un demonio\u201d. Sale al encuentro de Jes\u00fas dando gritos: \u201c<em>Ten compasi\u00f3n de m\u00ed, Se\u00f1or, Hijo de David\u201d.<\/em><br><br>La primera reacci\u00f3n de Jes\u00fas es inesperada. Ni siquiera se detiene para escucharla. Todav\u00eda no ha llegado la hora de llevar la Buena Noticia de Dios a los paganos. Como la mujer insiste, Jes\u00fas justifica su actuaci\u00f3n: <em>\u201cS\u00f3lo me han enviado a las ovejas descarriadas de la casa de Israel\u201d.<\/em><br><br>La mujer no se echa atr\u00e1s. Superar\u00e1 todas las dificultades y resistencias. En un gesto audaz se postra ante Jes\u00fas, detiene su marcha y de rodillas, con un coraz\u00f3n humilde pero firme, le dirige un solo grito: \u201c<em>Se\u00f1or, soc\u00f3rreme\u201d.<\/em> La respuesta de Jes\u00fas es ins\u00f3lita. Aunque en esa \u00e9poca los jud\u00edos llamaban con toda naturalidad \u201cperros\u201d a los paganos, sus palabras resultan ofensivas a nuestros o\u00eddos.: <em>\u201cNo est\u00e1 bien echar a los perros el pan de los hijos\u201d.<\/em> Retomando la imagen de manera inteligente, la mujer se atreve desde el suelo a corregir a Jes\u00fas: <em>\u201cTienes raz\u00f3n, Se\u00f1or, pero tambi\u00e9n los perros se comen las migajas que caen de la mesa de los se\u00f1ores\u201d.<\/em><br><br>Su fe es admirable. Seguro que en la mesa del Padre se pueden alimentar todos: los hijos de Israel y tambi\u00e9n los perros paganos. Jes\u00fas parece pensar solo en las \u201covejas perdidas\u201d de Israel, pero tambi\u00e9n ella es una \u201coveja perdida\u201d. El Enviado de Dios no puede ser solo de los jud\u00edos. Ha de ser de todos y para todos.<br><br>Jes\u00fas se rinde ante la fe de la mujer. Su respuesta nos revela su humildad y su grandeza: <em>\u201cMujer, \u00a1qu\u00e9 grande es tu fe! que se cumpla como deseas\u201d.<\/em> Esta mujer le est\u00e1 descubriendo que la misericordia de Dios no excluye a nadie. El Padre Bueno est\u00e1 por encima de las barreras \u00e9tnicas y religiosas que trazamos los humanos. Jes\u00fas reconoce a la mujer como creyente aunque vive en una religi\u00f3n pagana. Incluso encuentra en ella una \u201cfe grande\u201d, no la fe peque\u00f1a de sus disc\u00edpulos a los que recrimina m\u00e1s de una vez como <em>\u201chombres de poca fe\u201d.<\/em><br><br>Cualquier ser humano puede acudir a Jes\u00fas con confianza. \u00c9l sabe reconocer su fe aunque viva fuera de la Iglesia. Siempre encontrar\u00e1n en \u00e9l un Amigo y un Maestro de vida. Los cristianos nos hemos de alegrar de que Jes\u00fas siga atrayendo hoy a tantas personas que viven fuera de la Iglesia. Jes\u00fas es m\u00e1s grande que todas nuestras instituciones. \u00c9l sigue haciendo mucho bien, incluso a aquellos que se han alejado de nuestras comunidades cristianas.<\/p>\n\n\n\n<p class=\"has-text-align-left\"><br><strong>Palabras de Juan Mar\u00eda<\/strong><\/p>\n\n\n\n<p class=\"has-text-align-left\"><img decoding=\"async\" class=\"wp-image-618\" style=\"width: 150px;\" src=\"https:\/\/menesianosoy.org\/wp-content\/uploads\/2023\/08\/j.png\" alt=\"\"><br><em>Tengamos un coraz\u00f3n verdaderamente cat\u00f3lico; que todos los que como nosotros trabajan por engrandecer su patrimonio y el reino de Jesucristo nos sean siempre muy queridos; interes\u00e9monos por sus obras y trabajos tanto como por los nuestros. (A los novicios de la Congregaci\u00f3n de S. M\u00e9en)<\/em><\/p>\n\n\n\n<h4 class=\"wp-block-heading has-text-align-left has-vivid-cyan-blue-color has-text-color has-link-color wp-elements-2eb6f0effb1467007a7fd6237b8c75c5\"><br><em>A la escucha y en camino<\/em><\/h4>\n\n\n\n<figure class=\"wp-block-embed is-type-video is-provider-youtube wp-block-embed-youtube wp-embed-aspect-16-9 wp-has-aspect-ratio\"><div class=\"wp-block-embed__wrapper\">\n<iframe loading=\"lazy\" title=\"A LA ESCUCHA Y EN CAMINO\" width=\"1140\" height=\"641\" src=\"https:\/\/www.youtube.com\/embed\/ufli9KdcA4g?feature=oembed\" frameborder=\"0\" allow=\"accelerometer; autoplay; clipboard-write; encrypted-media; gyroscope; picture-in-picture; web-share\" allowfullscreen><\/iframe>\n<\/div><\/figure>\n\n\n\n<p class=\"has-text-align-left\"><strong><em>Sue\u00f1o que aprendamos a escuchar<br>para construir comunidad.<br>Mis hermanos me hablar\u00e1n de su realidad<br>estrechando los lazos para andar.<br><br>Hay silencios que nos hablan<br>y palabras que nos marcan<br>los senderos que debemos transitar.<br><br>\/A la escucha y en camino<br>compartiendo el pan, el vino,<br>la tristeza, la alegr\u00eda y nuestro hogar\/ Bis<br><br>Hoy Jes\u00fas nos llama a caminar.<br>\u00c9l nos une en fraternidad.<br>Nuestros dones se unir\u00e1n para transformar<br>este mundo en un mejor lugar.<br><br>Un nuevo horizonte va a brillar.<br>\u00c9l nos llama en la diversidad.<br>Menesianos, vamos ya. Hay que comenzar<br>como hermanos, paso a paso, a caminar.<\/em><\/strong><\/p>\n\n\n\n<p class=\"has-text-align-left has-vivid-purple-background-color has-background\"><\/p>\n\n\n\n<figure class=\"wp-block-image size-full\"><img decoding=\"async\" src=\"https:\/\/menesianosoy.org\/wp-content\/uploads\/2024\/02\/Logo-Jime-800-p-20-1.jpg\" alt=\"\" class=\"wp-image-9836\"\/><\/figure>\n","protected":false},"excerpt":{"rendered":"<p>1\u00ba Reyes 11, 4-13Salmo 105, 3-4. 35-37. 40 Evangelio: Marcos 7, 24-30 Jes\u00fas parti\u00f3 de all\u00ed y fue a la regi\u00f3n de Tiro. Entr\u00f3 en una casa y no quiso que nadie lo supiera, pero no pudo permanecer oculto.En seguida una mujer cuya hija estaba pose\u00edda por un esp\u00edritu impuro, oy\u00f3 hablar de \u00e9l y &hellip; <a href=\"https:\/\/menesianosoy.org\/index.php\/2024\/02\/06\/san-jeronimo-emiliani-santa-josefina-bakhita\/\" class=\"more-link\">Continue reading<span class=\"screen-reader-text\"> \u00abSan Jer\u00f3nimo Emiliani \u2013 Santa Josefina Bakhita\u00bb<\/span><\/a><\/p>\n","protected":false},"author":3,"featured_media":0,"comment_status":"closed","ping_status":"closed","sticky":false,"template":"","format":"standard","meta":{"_acf_changed":false,"footnotes":""},"categories":[9],"tags":[],"class_list":["post-9833","post","type-post","status-publish","format-standard","hentry","category-evangelio"],"acf":[],"_links":{"self":[{"href":"https:\/\/menesianosoy.org\/index.php\/wp-json\/wp\/v2\/posts\/9833","targetHints":{"allow":["GET"]}}],"collection":[{"href":"https:\/\/menesianosoy.org\/index.php\/wp-json\/wp\/v2\/posts"}],"about":[{"href":"https:\/\/menesianosoy.org\/index.php\/wp-json\/wp\/v2\/types\/post"}],"author":[{"embeddable":true,"href":"https:\/\/menesianosoy.org\/index.php\/wp-json\/wp\/v2\/users\/3"}],"replies":[{"embeddable":true,"href":"https:\/\/menesianosoy.org\/index.php\/wp-json\/wp\/v2\/comments?post=9833"}],"version-history":[{"count":4,"href":"https:\/\/menesianosoy.org\/index.php\/wp-json\/wp\/v2\/posts\/9833\/revisions"}],"predecessor-version":[{"id":9866,"href":"https:\/\/menesianosoy.org\/index.php\/wp-json\/wp\/v2\/posts\/9833\/revisions\/9866"}],"wp:attachment":[{"href":"https:\/\/menesianosoy.org\/index.php\/wp-json\/wp\/v2\/media?parent=9833"}],"wp:term":[{"taxonomy":"category","embeddable":true,"href":"https:\/\/menesianosoy.org\/index.php\/wp-json\/wp\/v2\/categories?post=9833"},{"taxonomy":"post_tag","embeddable":true,"href":"https:\/\/menesianosoy.org\/index.php\/wp-json\/wp\/v2\/tags?post=9833"}],"curies":[{"name":"wp","href":"https:\/\/api.w.org\/{rel}","templated":true}]}}