{"id":9956,"date":"2024-02-11T08:35:19","date_gmt":"2024-02-11T11:35:19","guid":{"rendered":"https:\/\/menesianosoy.org\/?p=9956"},"modified":"2024-02-13T08:09:50","modified_gmt":"2024-02-13T11:09:50","slug":"lunes-de-la-6a-semana-durante-el-ano","status":"publish","type":"post","link":"https:\/\/menesianosoy.org\/index.php\/2024\/02\/11\/lunes-de-la-6a-semana-durante-el-ano\/","title":{"rendered":"Lunes de la 6\u00aa semana durante el a\u00f1o"},"content":{"rendered":"\n<p class=\"has-text-align-left\"><strong><em>Santiago 1,1-11<br>Salmo 118, 67-68. 71-72. 75-76<\/em><\/strong><\/p>\n\n\n\n<h4 class=\"wp-block-heading has-text-align-left has-vivid-cyan-blue-color has-text-color has-link-color wp-elements-511505dc136cf19ec03e0c99ed519052\"><br><strong>Evangelio: Marcos 8, 11-13<\/strong><\/h4>\n\n\n\n<p><strong><em>Llegaron unos fariseos, que comenzaron a discutir con Jes\u00fas y, para ponerlo a prueba, le ped\u00edan un signo del cielo.<\/em><\/strong><br><strong><em>\u00c9l, suspirando profundamente, dijo: \u00bfPor qu\u00e9 esta generaci\u00f3n pide un signo? Les aseguro que no se le dar\u00e1 ning\u00fan signo.<br>Y volvi\u00f3 a embarcarse hacia la otra orilla.<\/em><\/strong><\/p>\n\n\n\n<figure class=\"wp-block-image size-full\"><img decoding=\"async\" src=\"https:\/\/menesianosoy.org\/wp-content\/uploads\/2024\/02\/descarga-1.jpg\" alt=\"\" class=\"wp-image-9963\"\/><\/figure>\n\n\n\n<p class=\"has-text-align-left\"><br>Lo que piden los fariseos, los observantes de la religi\u00f3n, es \u201cun signo del cielo\u201d. Es no fiarse de Jes\u00fas, y por supuesto no creer en \u00e9l. Los \u201chombres de la religi\u00f3n\u201d ve\u00edan en Jes\u00fas un \u201chombre de la tierra\u201d. La \u201creligi\u00f3n oficial\u201d no se f\u00eda de lo humano y solamente pone su seguridad en lo \u201cdivino\u201d.<br><br>Pero esto es lo que indignaba a Jes\u00fas: para Jes\u00fas pedir estos \u201csignos\u201d es una perversi\u00f3n (Mc 8,12; Mt 16,4; Mt12,39) \u00bfPor qu\u00e9 esta reacci\u00f3n de Jes\u00fas? Sencillamente, quien solo se f\u00eda del \u201ccielo\u201d y de los signos divinos, demuestra que no cree en lo humano. Y, por lo tanto, no se f\u00eda de nada ni de nadie en este mundo. Lo cual quiere decir que un ser deshumanizado. Esto es m\u00e1s frecuente de lo que a uno le gustar\u00eda. Porque la religi\u00f3n al dar tanta importancia a Dios y a lo divino, lo celestial, y lo ang\u00e9lico, termina por maltratar a lo humano y a los humanos. Por eso es tan escandaloso las religiones que no defienden, ni aprueban los derechos humanos, ni de esos derechos sacan consecuencias que deber\u00edan deducir para la vida y la conciencia humana.<br><br>Cuando los evangelios hablan de \u201cesta generaci\u00f3n\u201d se habla de la gente sin fe, que no tiene buenas intenciones. Para Jes\u00fas son personas sin fe, y que no son de fiar. Por eso Jes\u00fas los dej\u00f3, y se fue a otra parte. Las personas que solo se f\u00edan de lo extraordinario, de lo celestial, son gente que sit\u00faa lo importante de la vida no en lo normal ni en lo cotidiano. Pero Jes\u00fas quiere \u201cla honradez y la bondad en la vida ordinaria\u201d. Esto es lo importante. \u00bfQu\u00e9 es lo realmente importante para ti?<\/p>\n\n\n\n<h4 class=\"wp-block-heading has-text-align-left has-vivid-cyan-blue-color has-text-color has-link-color wp-elements-fc106bf8187ed34fa9151c6c240c10b4\"><br><strong>Palabras de Juan Mar\u00eda<\/strong><\/h4>\n\n\n\n<p class=\"has-text-align-left\"><img decoding=\"async\" class=\"wp-image-618\" style=\"width: 150px;\" src=\"https:\/\/menesianosoy.org\/wp-content\/uploads\/2023\/08\/j.png\" alt=\"\"><br><em>Vengan y unamos nuestras fuerzas; pongamos nuestros corazones el uno en el otro; y siguiendo la expresi\u00f3n de la Sagrada Escritura, coloqu\u00e9monos como ej\u00e9rcito en orden de batalla delante de los enemigos de Cristo; la cruz sobre el pecho, avancemos contra ellos; venceremos por este signo.<\/em><\/p>\n\n\n\n<h4 class=\"wp-block-heading has-text-align-left has-vivid-cyan-blue-color has-text-color has-link-color wp-elements-29ca3b963fef6710160fd031fa8486cc\"><br><strong><em>En lo profundo \u2013 Luis Guitarra<\/em><\/strong><\/h4>\n\n\n\n<figure class=\"wp-block-embed is-type-video is-provider-youtube wp-block-embed-youtube wp-embed-aspect-4-3 wp-has-aspect-ratio\"><div class=\"wp-block-embed__wrapper\">\n<iframe loading=\"lazy\" title=\"EN LO PROFUNDO (Luis Guitarra)\" width=\"1140\" height=\"855\" src=\"https:\/\/www.youtube.com\/embed\/_kPlskzdpew?feature=oembed\" frameborder=\"0\" allow=\"accelerometer; autoplay; clipboard-write; encrypted-media; gyroscope; picture-in-picture; web-share\" allowfullscreen><\/iframe>\n<\/div><\/figure>\n\n\n\n<p>En lo profundo<br>no hay nada que no sea sorprendente.<br>Y sin embargo<br>bajamos tan a poco, y pocas veces.<br><br>Acomodamos<br>el pulso a la presi\u00f3n de la rutina.<br>Nos distanciamos<br>del fondo y del origen de los d\u00edas\u2026<br>Y no bajamos, y no bajamos, y no bajamos.<br><br>Nos olvidamos del sentido de la Vida,<br>del propio barro, del primer atardecer\u2026<br>Y amontonamos un sinf\u00edn de tonter\u00edas,<br>buscando en lo que creer.<br><br>En lo profundo<br>no hay nadie que no sea diferente,<br>pero a menudo<br>mostramos s\u00f3lo aquello que no duele.<br><br>Desdibujados<br>detr\u00e1s de multitud de vanidades\u2026<br>Tristes, sin sue\u00f1os,<br>ajenos al Amor\u2026 superficiales.<br>Y no bajamos, y no bajamos, y no bajamos.<br><br>Nos olvidamos del sentido de la Vida,<br>del propio barro, del primer atardecer&#8230;<br>Y amontonamos un sinf\u00edn de tonter\u00edas,<br>buscando en lo que creer.<br><br>En lo profundo<br>no hay nada que no sea sorprendente&#8230;<\/p>\n\n\n\n<p class=\"has-luminous-vivid-orange-color has-luminous-vivid-orange-background-color has-text-color has-background has-link-color wp-elements-32463803769015dd79e002f0465e436e\"><\/p>\n\n\n\n<figure class=\"wp-block-image size-full\"><img decoding=\"async\" src=\"https:\/\/menesianosoy.org\/wp-content\/uploads\/2024\/02\/Logo-Jime-800-p-20-1-768x789-3.jpg\" alt=\"\" class=\"wp-image-9961\"\/><\/figure>\n","protected":false},"excerpt":{"rendered":"<p>Santiago 1,1-11Salmo 118, 67-68. 71-72. 75-76 Evangelio: Marcos 8, 11-13 Llegaron unos fariseos, que comenzaron a discutir con Jes\u00fas y, para ponerlo a prueba, le ped\u00edan un signo del cielo.\u00c9l, suspirando profundamente, dijo: \u00bfPor qu\u00e9 esta generaci\u00f3n pide un signo? Les aseguro que no se le dar\u00e1 ning\u00fan signo.Y volvi\u00f3 a embarcarse hacia la otra &hellip; <a href=\"https:\/\/menesianosoy.org\/index.php\/2024\/02\/11\/lunes-de-la-6a-semana-durante-el-ano\/\" class=\"more-link\">Continue reading<span class=\"screen-reader-text\"> \u00abLunes de la 6\u00aa semana durante el a\u00f1o\u00bb<\/span><\/a><\/p>\n","protected":false},"author":3,"featured_media":0,"comment_status":"closed","ping_status":"closed","sticky":false,"template":"","format":"standard","meta":{"_acf_changed":false,"footnotes":""},"categories":[9],"tags":[],"class_list":["post-9956","post","type-post","status-publish","format-standard","hentry","category-evangelio"],"acf":[],"_links":{"self":[{"href":"https:\/\/menesianosoy.org\/index.php\/wp-json\/wp\/v2\/posts\/9956","targetHints":{"allow":["GET"]}}],"collection":[{"href":"https:\/\/menesianosoy.org\/index.php\/wp-json\/wp\/v2\/posts"}],"about":[{"href":"https:\/\/menesianosoy.org\/index.php\/wp-json\/wp\/v2\/types\/post"}],"author":[{"embeddable":true,"href":"https:\/\/menesianosoy.org\/index.php\/wp-json\/wp\/v2\/users\/3"}],"replies":[{"embeddable":true,"href":"https:\/\/menesianosoy.org\/index.php\/wp-json\/wp\/v2\/comments?post=9956"}],"version-history":[{"count":7,"href":"https:\/\/menesianosoy.org\/index.php\/wp-json\/wp\/v2\/posts\/9956\/revisions"}],"predecessor-version":[{"id":9974,"href":"https:\/\/menesianosoy.org\/index.php\/wp-json\/wp\/v2\/posts\/9956\/revisions\/9974"}],"wp:attachment":[{"href":"https:\/\/menesianosoy.org\/index.php\/wp-json\/wp\/v2\/media?parent=9956"}],"wp:term":[{"taxonomy":"category","embeddable":true,"href":"https:\/\/menesianosoy.org\/index.php\/wp-json\/wp\/v2\/categories?post=9956"},{"taxonomy":"post_tag","embeddable":true,"href":"https:\/\/menesianosoy.org\/index.php\/wp-json\/wp\/v2\/tags?post=9956"}],"curies":[{"name":"wp","href":"https:\/\/api.w.org\/{rel}","templated":true}]}}